{"id":9053,"date":"2022-12-14T12:13:08","date_gmt":"2022-12-14T15:13:08","guid":{"rendered":"https:\/\/rotario.com.br\/site\/?p=9053"},"modified":"2022-12-14T12:13:09","modified_gmt":"2022-12-14T15:13:09","slug":"tomascar-e-a-ultima-parada-deste-ano-do-circuito-ecologico-de-marica","status":"publish","type":"post","link":"https:\/\/rotario.com.br\/site\/tomascar-e-a-ultima-parada-deste-ano-do-circuito-ecologico-de-marica\/","title":{"rendered":"Tomascar \u00e9 a \u00faltima parada deste ano do Circuito Ecol\u00f3gico de Maric\u00e1"},"content":{"rendered":"\n<p class=\"has-drop-cap\"><strong>A Prefeitura de Maric\u00e1, por meio da Secretaria de Turismo, realiza neste s\u00e1bado (17\/12) mais uma etapa do Circuito Ecol\u00f3gico Caminhos de Maric\u00e1 com a subida pelo Vale de S\u00e3o Francisco, no Espraiado. Com in\u00edcio a partir das 8h30, o trajeto \u00e9 considerado pesado, com trechos de subidas \u00edngremes e dura\u00e7\u00e3o aproximada de seis horas, entre a ida e a volta. As inscri\u00e7\u00f5es ser\u00e3o iniciadas nesta quinta-feira (15\/12), a partir de 13h, por meio do link (<a href=\"https:\/\/forms.gle\/PU71M5yXQDz5aVBYA\">https:\/\/forms.gle\/PU71M5yXQDz5aVBYA<\/a>).<\/strong><\/p>\n\n\n\n<p><strong>O ponto de encontro ser\u00e1 na Cachoeira do Espraiado, que fica cerca de um quil\u00f4metro ap\u00f3s o ponto final da linha E-06 (Centro x Espraiado), \u00f4nibus tarifa zero da Empresa P\u00fablica de Transportes (EPT), que sai da Rodovi\u00e1ria do Povo com intervalo de 40 minutos. Em seguida, o grupo vai subir o Vale S\u00e3o Francisco e passar por c\u00f3rregos e cachoeiras, seguindo at\u00e9 o cume com o destino final em Tomascar. Com o objetivo de estimular o com\u00e9rcio local no entorno das \u00e1reas visitadas, os participantes contar\u00e3o com almo\u00e7o opcional ao custo m\u00e9dio de R$ 25.<\/strong><\/p>\n\n\n\n<p><strong>\u00c9 necess\u00e1rio que os participantes levem itens como repelente, ao menos dois litros de \u00e1gua, toalha ou canga, lanche, protetor solar, medicamentos de uso pessoal, al\u00e9m de vestir roupas leves, roupa de banho, cal\u00e7ado apropriado e bon\u00e9. Mais informa\u00e7\u00f5es podem ser obtidas na Secretaria de Turismo de Maric\u00e1 (Pra\u00e7a Conselheiro Macedo Soares, s\/n\u00ba \u2013 Centro) ou pelo telefone (21) 99744-6410.<\/strong><\/p>\n","protected":false},"excerpt":{"rendered":"<p>A Prefeitura de Maric\u00e1, por meio da Secretaria de Turismo, realiza neste s\u00e1bado (17\/12) mais uma etapa do Circuito Ecol\u00f3gico Caminhos de Maric\u00e1 com a subida pelo Vale de S\u00e3o Francisco, no Espraiado. Com in\u00edcio a partir das 8h30, o trajeto \u00e9 considerado pesado, com trechos de subidas \u00edngremes e dura\u00e7\u00e3o aproximada de seis horas, [&hellip;]<\/p>\n","protected":false},"author":2,"featured_media":9054,"comment_status":"open","ping_status":"open","sticky":false,"template":"","format":"standard","meta":{"footnotes":""},"categories":[225,42,120],"tags":[],"class_list":["post-9053","post","type-post","status-publish","format-standard","has-post-thumbnail","hentry","category-destaque","category-marica","category-marica-costa-do-sol"],"yoast_head":"<!-- This site is optimized with the Yoast SEO plugin v26.5 - https:\/\/yoast.com\/wordpress\/plugins\/seo\/ -->\n<title>Tomascar \u00e9 a \u00faltima parada deste ano do Circuito Ecol\u00f3gico de Maric\u00e1 - Rota Rio<\/title>\n<meta name=\"robots\" content=\"index, follow, max-snippet:-1, max-image-preview:large, max-video-preview:-1\" \/>\n<link rel=\"canonical\" href=\"https:\/\/rotario.com.br\/site\/tomascar-e-a-ultima-parada-deste-ano-do-circuito-ecologico-de-marica\/\" \/>\n<meta property=\"og:locale\" content=\"pt_BR\" \/>\n<meta property=\"og:type\" content=\"article\" \/>\n<meta property=\"og:title\" content=\"Tomascar \u00e9 a \u00faltima parada deste ano do Circuito Ecol\u00f3gico de Maric\u00e1 - Rota Rio\" \/>\n<meta property=\"og:description\" content=\"A Prefeitura de Maric\u00e1, por meio da Secretaria de Turismo, realiza neste s\u00e1bado (17\/12) mais uma etapa do Circuito Ecol\u00f3gico Caminhos de Maric\u00e1 com a subida pelo Vale de S\u00e3o Francisco, no Espraiado. Com in\u00edcio a partir das 8h30, o trajeto \u00e9 considerado pesado, com trechos de subidas \u00edngremes e dura\u00e7\u00e3o aproximada de seis horas, [&hellip;]\" \/>\n<meta property=\"og:url\" content=\"https:\/\/rotario.com.br\/site\/tomascar-e-a-ultima-parada-deste-ano-do-circuito-ecologico-de-marica\/\" \/>\n<meta property=\"og:site_name\" content=\"Rota Rio\" \/>\n<meta property=\"article:published_time\" content=\"2022-12-14T15:13:08+00:00\" \/>\n<meta property=\"article:modified_time\" content=\"2022-12-14T15:13:09+00:00\" \/>\n<meta property=\"og:image\" content=\"https:\/\/rotario.com.br\/site\/wp-content\/uploads\/2022\/12\/tomascar-travessia-marica-696x461-1.jpeg\" \/>\n\t<meta property=\"og:image:width\" content=\"696\" \/>\n\t<meta property=\"og:image:height\" content=\"461\" \/>\n\t<meta property=\"og:image:type\" content=\"image\/jpeg\" \/>\n<meta name=\"author\" content=\"Galv\u00e3o\" \/>\n<meta name=\"twitter:card\" content=\"summary_large_image\" \/>\n<meta name=\"twitter:label1\" content=\"Escrito por\" \/>\n\t<meta name=\"twitter:data1\" content=\"Galv\u00e3o\" \/>\n\t<meta name=\"twitter:label2\" content=\"Est. tempo de leitura\" \/>\n\t<meta name=\"twitter:data2\" content=\"2 minutos\" \/>\n<script type=\"application\/ld+json\" class=\"yoast-schema-graph\">{\"@context\":\"https:\/\/schema.org\",\"@graph\":[{\"@type\":\"Article\",\"@id\":\"https:\/\/rotario.com.br\/site\/tomascar-e-a-ultima-parada-deste-ano-do-circuito-ecologico-de-marica\/#article\",\"isPartOf\":{\"@id\":\"https:\/\/rotario.com.br\/site\/tomascar-e-a-ultima-parada-deste-ano-do-circuito-ecologico-de-marica\/\"},\"author\":{\"name\":\"Galv\u00e3o\",\"@id\":\"https:\/\/rotario.com.br\/site\/#\/schema\/person\/fd89bbbf4136f7e8a21e0dd67b8a66c7\"},\"headline\":\"Tomascar \u00e9 a \u00faltima parada deste ano do Circuito Ecol\u00f3gico de Maric\u00e1\",\"datePublished\":\"2022-12-14T15:13:08+00:00\",\"dateModified\":\"2022-12-14T15:13:09+00:00\",\"mainEntityOfPage\":{\"@id\":\"https:\/\/rotario.com.br\/site\/tomascar-e-a-ultima-parada-deste-ano-do-circuito-ecologico-de-marica\/\"},\"wordCount\":266,\"commentCount\":0,\"publisher\":{\"@id\":\"https:\/\/rotario.com.br\/site\/#organization\"},\"image\":{\"@id\":\"https:\/\/rotario.com.br\/site\/tomascar-e-a-ultima-parada-deste-ano-do-circuito-ecologico-de-marica\/#primaryimage\"},\"thumbnailUrl\":\"https:\/\/rotario.com.br\/site\/wp-content\/uploads\/2022\/12\/tomascar-travessia-marica-696x461-1.jpeg\",\"articleSection\":[\"Destaque\",\"Maric\u00e1\",\"Maric\u00e1\"],\"inLanguage\":\"pt-BR\",\"potentialAction\":[{\"@type\":\"CommentAction\",\"name\":\"Comment\",\"target\":[\"https:\/\/rotario.com.br\/site\/tomascar-e-a-ultima-parada-deste-ano-do-circuito-ecologico-de-marica\/#respond\"]}]},{\"@type\":\"WebPage\",\"@id\":\"https:\/\/rotario.com.br\/site\/tomascar-e-a-ultima-parada-deste-ano-do-circuito-ecologico-de-marica\/\",\"url\":\"https:\/\/rotario.com.br\/site\/tomascar-e-a-ultima-parada-deste-ano-do-circuito-ecologico-de-marica\/\",\"name\":\"Tomascar \u00e9 a \u00faltima parada deste ano do Circuito Ecol\u00f3gico de Maric\u00e1 - Rota Rio\",\"isPartOf\":{\"@id\":\"https:\/\/rotario.com.br\/site\/#website\"},\"primaryImageOfPage\":{\"@id\":\"https:\/\/rotario.com.br\/site\/tomascar-e-a-ultima-parada-deste-ano-do-circuito-ecologico-de-marica\/#primaryimage\"},\"image\":{\"@id\":\"https:\/\/rotario.com.br\/site\/tomascar-e-a-ultima-parada-deste-ano-do-circuito-ecologico-de-marica\/#primaryimage\"},\"thumbnailUrl\":\"https:\/\/rotario.com.br\/site\/wp-content\/uploads\/2022\/12\/tomascar-travessia-marica-696x461-1.jpeg\",\"datePublished\":\"2022-12-14T15:13:08+00:00\",\"dateModified\":\"2022-12-14T15:13:09+00:00\",\"breadcrumb\":{\"@id\":\"https:\/\/rotario.com.br\/site\/tomascar-e-a-ultima-parada-deste-ano-do-circuito-ecologico-de-marica\/#breadcrumb\"},\"inLanguage\":\"pt-BR\",\"potentialAction\":[{\"@type\":\"ReadAction\",\"target\":[\"https:\/\/rotario.com.br\/site\/tomascar-e-a-ultima-parada-deste-ano-do-circuito-ecologico-de-marica\/\"]}]},{\"@type\":\"ImageObject\",\"inLanguage\":\"pt-BR\",\"@id\":\"https:\/\/rotario.com.br\/site\/tomascar-e-a-ultima-parada-deste-ano-do-circuito-ecologico-de-marica\/#primaryimage\",\"url\":\"https:\/\/rotario.com.br\/site\/wp-content\/uploads\/2022\/12\/tomascar-travessia-marica-696x461-1.jpeg\",\"contentUrl\":\"https:\/\/rotario.com.br\/site\/wp-content\/uploads\/2022\/12\/tomascar-travessia-marica-696x461-1.jpeg\",\"width\":696,\"height\":461},{\"@type\":\"BreadcrumbList\",\"@id\":\"https:\/\/rotario.com.br\/site\/tomascar-e-a-ultima-parada-deste-ano-do-circuito-ecologico-de-marica\/#breadcrumb\",\"itemListElement\":[{\"@type\":\"ListItem\",\"position\":1,\"name\":\"In\u00edcio\",\"item\":\"https:\/\/rotario.com.br\/site\/\"},{\"@type\":\"ListItem\",\"position\":2,\"name\":\"Tomascar \u00e9 a \u00faltima parada deste ano do Circuito Ecol\u00f3gico de Maric\u00e1\"}]},{\"@type\":\"WebSite\",\"@id\":\"https:\/\/rotario.com.br\/site\/#website\",\"url\":\"https:\/\/rotario.com.br\/site\/\",\"name\":\"Rota Rio\",\"description\":\"Aqui, o Rio de Janeiro \u00e9 a pauta!\",\"publisher\":{\"@id\":\"https:\/\/rotario.com.br\/site\/#organization\"},\"potentialAction\":[{\"@type\":\"SearchAction\",\"target\":{\"@type\":\"EntryPoint\",\"urlTemplate\":\"https:\/\/rotario.com.br\/site\/?s={search_term_string}\"},\"query-input\":{\"@type\":\"PropertyValueSpecification\",\"valueRequired\":true,\"valueName\":\"search_term_string\"}}],\"inLanguage\":\"pt-BR\"},{\"@type\":\"Organization\",\"@id\":\"https:\/\/rotario.com.br\/site\/#organization\",\"name\":\"Rota Rio\",\"url\":\"https:\/\/rotario.com.br\/site\/\",\"logo\":{\"@type\":\"ImageObject\",\"inLanguage\":\"pt-BR\",\"@id\":\"https:\/\/rotario.com.br\/site\/#\/schema\/logo\/image\/\",\"url\":\"https:\/\/rotario.com.br\/site\/wp-content\/uploads\/2022\/04\/cropped-ROTARIO-LOGO-Prancheta-1-1-2048x654-1.png\",\"contentUrl\":\"https:\/\/rotario.com.br\/site\/wp-content\/uploads\/2022\/04\/cropped-ROTARIO-LOGO-Prancheta-1-1-2048x654-1.png\",\"width\":2048,\"height\":654,\"caption\":\"Rota Rio\"},\"image\":{\"@id\":\"https:\/\/rotario.com.br\/site\/#\/schema\/logo\/image\/\"}},{\"@type\":\"Person\",\"@id\":\"https:\/\/rotario.com.br\/site\/#\/schema\/person\/fd89bbbf4136f7e8a21e0dd67b8a66c7\",\"name\":\"Galv\u00e3o\",\"url\":\"https:\/\/rotario.com.br\/site\/author\/daniel\/\"}]}<\/script>\n<!-- \/ Yoast SEO plugin. -->","yoast_head_json":{"title":"Tomascar \u00e9 a \u00faltima parada deste ano do Circuito Ecol\u00f3gico de Maric\u00e1 - Rota Rio","robots":{"index":"index","follow":"follow","max-snippet":"max-snippet:-1","max-image-preview":"max-image-preview:large","max-video-preview":"max-video-preview:-1"},"canonical":"https:\/\/rotario.com.br\/site\/tomascar-e-a-ultima-parada-deste-ano-do-circuito-ecologico-de-marica\/","og_locale":"pt_BR","og_type":"article","og_title":"Tomascar \u00e9 a \u00faltima parada deste ano do Circuito Ecol\u00f3gico de Maric\u00e1 - Rota Rio","og_description":"A Prefeitura de Maric\u00e1, por meio da Secretaria de Turismo, realiza neste s\u00e1bado (17\/12) mais uma etapa do Circuito Ecol\u00f3gico Caminhos de Maric\u00e1 com a subida pelo Vale de S\u00e3o Francisco, no Espraiado. Com in\u00edcio a partir das 8h30, o trajeto \u00e9 considerado pesado, com trechos de subidas \u00edngremes e dura\u00e7\u00e3o aproximada de seis horas, [&hellip;]","og_url":"https:\/\/rotario.com.br\/site\/tomascar-e-a-ultima-parada-deste-ano-do-circuito-ecologico-de-marica\/","og_site_name":"Rota Rio","article_published_time":"2022-12-14T15:13:08+00:00","article_modified_time":"2022-12-14T15:13:09+00:00","og_image":[{"width":696,"height":461,"url":"https:\/\/rotario.com.br\/site\/wp-content\/uploads\/2022\/12\/tomascar-travessia-marica-696x461-1.jpeg","type":"image\/jpeg"}],"author":"Galv\u00e3o","twitter_card":"summary_large_image","twitter_misc":{"Escrito por":"Galv\u00e3o","Est. tempo de leitura":"2 minutos"},"schema":{"@context":"https:\/\/schema.org","@graph":[{"@type":"Article","@id":"https:\/\/rotario.com.br\/site\/tomascar-e-a-ultima-parada-deste-ano-do-circuito-ecologico-de-marica\/#article","isPartOf":{"@id":"https:\/\/rotario.com.br\/site\/tomascar-e-a-ultima-parada-deste-ano-do-circuito-ecologico-de-marica\/"},"author":{"name":"Galv\u00e3o","@id":"https:\/\/rotario.com.br\/site\/#\/schema\/person\/fd89bbbf4136f7e8a21e0dd67b8a66c7"},"headline":"Tomascar \u00e9 a \u00faltima parada deste ano do Circuito Ecol\u00f3gico de Maric\u00e1","datePublished":"2022-12-14T15:13:08+00:00","dateModified":"2022-12-14T15:13:09+00:00","mainEntityOfPage":{"@id":"https:\/\/rotario.com.br\/site\/tomascar-e-a-ultima-parada-deste-ano-do-circuito-ecologico-de-marica\/"},"wordCount":266,"commentCount":0,"publisher":{"@id":"https:\/\/rotario.com.br\/site\/#organization"},"image":{"@id":"https:\/\/rotario.com.br\/site\/tomascar-e-a-ultima-parada-deste-ano-do-circuito-ecologico-de-marica\/#primaryimage"},"thumbnailUrl":"https:\/\/rotario.com.br\/site\/wp-content\/uploads\/2022\/12\/tomascar-travessia-marica-696x461-1.jpeg","articleSection":["Destaque","Maric\u00e1","Maric\u00e1"],"inLanguage":"pt-BR","potentialAction":[{"@type":"CommentAction","name":"Comment","target":["https:\/\/rotario.com.br\/site\/tomascar-e-a-ultima-parada-deste-ano-do-circuito-ecologico-de-marica\/#respond"]}]},{"@type":"WebPage","@id":"https:\/\/rotario.com.br\/site\/tomascar-e-a-ultima-parada-deste-ano-do-circuito-ecologico-de-marica\/","url":"https:\/\/rotario.com.br\/site\/tomascar-e-a-ultima-parada-deste-ano-do-circuito-ecologico-de-marica\/","name":"Tomascar \u00e9 a \u00faltima parada deste ano do Circuito Ecol\u00f3gico de Maric\u00e1 - Rota Rio","isPartOf":{"@id":"https:\/\/rotario.com.br\/site\/#website"},"primaryImageOfPage":{"@id":"https:\/\/rotario.com.br\/site\/tomascar-e-a-ultima-parada-deste-ano-do-circuito-ecologico-de-marica\/#primaryimage"},"image":{"@id":"https:\/\/rotario.com.br\/site\/tomascar-e-a-ultima-parada-deste-ano-do-circuito-ecologico-de-marica\/#primaryimage"},"thumbnailUrl":"https:\/\/rotario.com.br\/site\/wp-content\/uploads\/2022\/12\/tomascar-travessia-marica-696x461-1.jpeg","datePublished":"2022-12-14T15:13:08+00:00","dateModified":"2022-12-14T15:13:09+00:00","breadcrumb":{"@id":"https:\/\/rotario.com.br\/site\/tomascar-e-a-ultima-parada-deste-ano-do-circuito-ecologico-de-marica\/#breadcrumb"},"inLanguage":"pt-BR","potentialAction":[{"@type":"ReadAction","target":["https:\/\/rotario.com.br\/site\/tomascar-e-a-ultima-parada-deste-ano-do-circuito-ecologico-de-marica\/"]}]},{"@type":"ImageObject","inLanguage":"pt-BR","@id":"https:\/\/rotario.com.br\/site\/tomascar-e-a-ultima-parada-deste-ano-do-circuito-ecologico-de-marica\/#primaryimage","url":"https:\/\/rotario.com.br\/site\/wp-content\/uploads\/2022\/12\/tomascar-travessia-marica-696x461-1.jpeg","contentUrl":"https:\/\/rotario.com.br\/site\/wp-content\/uploads\/2022\/12\/tomascar-travessia-marica-696x461-1.jpeg","width":696,"height":461},{"@type":"BreadcrumbList","@id":"https:\/\/rotario.com.br\/site\/tomascar-e-a-ultima-parada-deste-ano-do-circuito-ecologico-de-marica\/#breadcrumb","itemListElement":[{"@type":"ListItem","position":1,"name":"In\u00edcio","item":"https:\/\/rotario.com.br\/site\/"},{"@type":"ListItem","position":2,"name":"Tomascar \u00e9 a \u00faltima parada deste ano do Circuito Ecol\u00f3gico de Maric\u00e1"}]},{"@type":"WebSite","@id":"https:\/\/rotario.com.br\/site\/#website","url":"https:\/\/rotario.com.br\/site\/","name":"Rota Rio","description":"Aqui, o Rio de Janeiro \u00e9 a pauta!","publisher":{"@id":"https:\/\/rotario.com.br\/site\/#organization"},"potentialAction":[{"@type":"SearchAction","target":{"@type":"EntryPoint","urlTemplate":"https:\/\/rotario.com.br\/site\/?s={search_term_string}"},"query-input":{"@type":"PropertyValueSpecification","valueRequired":true,"valueName":"search_term_string"}}],"inLanguage":"pt-BR"},{"@type":"Organization","@id":"https:\/\/rotario.com.br\/site\/#organization","name":"Rota Rio","url":"https:\/\/rotario.com.br\/site\/","logo":{"@type":"ImageObject","inLanguage":"pt-BR","@id":"https:\/\/rotario.com.br\/site\/#\/schema\/logo\/image\/","url":"https:\/\/rotario.com.br\/site\/wp-content\/uploads\/2022\/04\/cropped-ROTARIO-LOGO-Prancheta-1-1-2048x654-1.png","contentUrl":"https:\/\/rotario.com.br\/site\/wp-content\/uploads\/2022\/04\/cropped-ROTARIO-LOGO-Prancheta-1-1-2048x654-1.png","width":2048,"height":654,"caption":"Rota Rio"},"image":{"@id":"https:\/\/rotario.com.br\/site\/#\/schema\/logo\/image\/"}},{"@type":"Person","@id":"https:\/\/rotario.com.br\/site\/#\/schema\/person\/fd89bbbf4136f7e8a21e0dd67b8a66c7","name":"Galv\u00e3o","url":"https:\/\/rotario.com.br\/site\/author\/daniel\/"}]}},"_links":{"self":[{"href":"https:\/\/rotario.com.br\/site\/wp-json\/wp\/v2\/posts\/9053","targetHints":{"allow":["GET"]}}],"collection":[{"href":"https:\/\/rotario.com.br\/site\/wp-json\/wp\/v2\/posts"}],"about":[{"href":"https:\/\/rotario.com.br\/site\/wp-json\/wp\/v2\/types\/post"}],"author":[{"embeddable":true,"href":"https:\/\/rotario.com.br\/site\/wp-json\/wp\/v2\/users\/2"}],"replies":[{"embeddable":true,"href":"https:\/\/rotario.com.br\/site\/wp-json\/wp\/v2\/comments?post=9053"}],"version-history":[{"count":0,"href":"https:\/\/rotario.com.br\/site\/wp-json\/wp\/v2\/posts\/9053\/revisions"}],"wp:featuredmedia":[{"embeddable":true,"href":"https:\/\/rotario.com.br\/site\/wp-json\/wp\/v2\/media\/9054"}],"wp:attachment":[{"href":"https:\/\/rotario.com.br\/site\/wp-json\/wp\/v2\/media?parent=9053"}],"wp:term":[{"taxonomy":"category","embeddable":true,"href":"https:\/\/rotario.com.br\/site\/wp-json\/wp\/v2\/categories?post=9053"},{"taxonomy":"post_tag","embeddable":true,"href":"https:\/\/rotario.com.br\/site\/wp-json\/wp\/v2\/tags?post=9053"}],"curies":[{"name":"wp","href":"https:\/\/api.w.org\/{rel}","templated":true}]}}